{"id":1154,"date":"2021-11-23T11:06:56","date_gmt":"2021-11-23T10:06:56","guid":{"rendered":"https:\/\/www.maisons-qualite.com\/association\/?p=1154"},"modified":"2021-11-23T12:38:38","modified_gmt":"2021-11-23T11:38:38","slug":"a-quoi-ressemble-lacquereur-de-demain","status":"publish","type":"post","link":"https:\/\/www.maisons-qualite.com\/association\/actualites\/a-quoi-ressemble-lacquereur-de-demain","title":{"rendered":"\u00c0 quoi ressemble l&rsquo;acqu\u00e9reur de demain ?"},"content":{"rendered":"\n<p><strong>\u00c0 quoi ressemble l&rsquo;acqu\u00e9reur de demain ?<\/strong><\/p>\n\n\n\n<p> \ud83c\udf0d  \u00ab\u00a0\u202f<strong><em>Sous le foncier, la terre<\/em><\/strong>.\u202f\u00a0\u00bb\u00a0Une analyse de\u00a0<strong>Pascale Bigard<\/strong>, sociologue sp\u00e9cialiste des tendances et des marques, sur la n\u00e9cessit\u00e9 de mieux construire, mieux vivre et mieux consommer.\u00a0<\/p>\n\n\n\n<p>Dans le webinaire du 12 novembre 2021 \u00ab<strong>\u202f\u00c0 quoi ressemble l\u2019acqu\u00e9reur de demain<\/strong>\u202f\u00bb, co-con\u00e7u par l\u2019<strong>Association Maisons de Qualit\u00e9<\/strong>&nbsp;et<strong>&nbsp;GRDF<\/strong>, Pascale Bigard nous livrait\u202fles analyses suivantes : \u00ab\u00a0\u202f<em>La crise sanitaire acc\u00e9l\u00e8re certaines tendances dans la mani\u00e8re d\u2019habiter et de travailler. Nous assistons \u00e0 une superposition des fonctions des pi\u00e8ces dans la maison (les \u00abespaces hybrides\u00bb), un souhait d\u2019espace, de jardin, de luminosit\u00e9 et d\u2019ombre.<\/em>\u00a0\u00bb&nbsp;<\/p>\n\n\n\n<p><strong>Les effets de la crise sanitaire\u00a0sur les mani\u00e8res d\u2019habiter\u00a0sont nombreux, mais l&rsquo;exode hors des villes est une tendance de fond qui pr\u00e9-existait avant le covid-19<\/strong>. Le co\u00fbt des loyers et de l&rsquo;immobilier est un des responsables majeurs de cet exode, mais il n&rsquo;est pas le seul responsable. Lorsque l&rsquo;on d\u00e9bute sa carri\u00e8re professionnelle,  vivre dans une m\u00e9tropole revient \u00e0 d\u00e9penser beaucoup d&rsquo;argent, d&rsquo;\u00e9nergie et de temps pour gagner assez peu d&rsquo;argent, d&rsquo;espace et de confort. Et ce triste bilan s&rsquo;av\u00e8re \u00eatre de plus en plus n\u00e9gatif ! <\/p>\n\n\n\n<p>A ces facteurs viennent s&rsquo;additionner les d\u00e9sagr\u00e9ments de l&rsquo;environnement urbain : pollution, manque d&rsquo;espace, inconfort, bruit, salet\u00e9, d\u00e9placements entre lieu de vie et lieu de travail&#8230; Les \u00e9pisodes caniculaires ont rendu les grandes villes particuli\u00e8rement irrespirables : d\u00f4mes de chaleur, transports non climatis\u00e9s, appartements non traversants, pi\u00e8ces petites (chambres), mauvaise isolation thermique (anciens combles), raret\u00e9 des espaces verts\u2026  Le Covid a pr\u00e9cipit\u00e9 cette tendance. L&rsquo;\u00e9pid\u00e9mie a renforc\u00e9 les h\u00e9sitants, et leur a permis de \u00ab passer \u00e0 l&rsquo;acte \u00bb. Le recours au t\u00e9l\u00e9travail massif et au t\u00e9l\u00e9enseignement ont \u00e9t\u00e9 d\u00e9cisifs. <\/p>\n\n\n\n<p>Mais il s&rsquo;av\u00e8re que les jeunes g\u00e9n\u00e9rations (les Y, ou Millenials et les Z) ont \u00e9t\u00e9 les plus touch\u00e9es : on parle d&rsquo;<strong>\u00e9co-anxi\u00e9t\u00e9<\/strong>. Ce ph\u00e9nom\u00e8ne envahit les jeunes et les tr\u00e8s jeunes, qui ont une impression plus ou moins diffuse d&rsquo;un monde de plus en plus mena\u00e7ant, un sentiment d&rsquo;effroi, d&rsquo;irr\u00e9versibilit\u00e9, d&rsquo;avenir impossible, avec une baisse de natalit\u00e9. L\u00e0 encore, les ph\u00e9nom\u00e8nes extr\u00eames et le covid-19 leur donnent raison. <\/p>\n\n\n\n<p>Pour ces jeunes g\u00e9n\u00e9rations, un ph\u00e9nom\u00e8ne de <strong>solastalgie<\/strong> est \u00e9galement pr\u00e9sent, d\u00e9signant la perte du sentiment de consolation par l&rsquo;espace de vie (o\u00f9 me r\u00e9fugier, me sentir r\u00e9confort\u00e9, r\u00e9chauff\u00e9, accueilli, embrass\u00e9, berc\u00e9 ?). Il ne fait aucun doute que notre exp\u00e9rience du covid nous a marqu\u00e9s profond\u00e9ment et qu&rsquo;elle est d\u00e9finitivement inscrite dans nos m\u00e9moires. Les jeunes ont \u00e9t\u00e9 impact\u00e9s dans leurs relations amicales et amoureuses en pleine construction, les futurs et jeunes parents ont per\u00e7u l&rsquo;\u00e9pid\u00e9mie de fa\u00e7on  forte (mise en danger de leur-s enfant-s, repr\u00e9sentations mena\u00e7antes&#8230;). Il faudra d\u00e9sormais en tenir compte dans l&rsquo;habitat en int\u00e9grant des r\u00e9ponses concr\u00e8tes \u00e0 ces menaces r\u00e9elles ou fantasm\u00e9es, actuelles et \u00e0 venir. <\/p>\n\n\n\n<p> \ud83d\udc6a  <strong>D\u00e9sormais, l&rsquo;environnement social et naturel est \u00e0 incorporer syst\u00e9matiquement dans toute r\u00e9flexion sur l&rsquo;habitat.<\/strong>  \u00a0 <\/p>\n\n\n\n<p>On note donc que ces nouvelles  tendances apparaissant chez les nouvelles g\u00e9n\u00e9rations vont bousculer la mani\u00e8re d\u2019habiter demain et avoir un impact sur l\u2019am\u00e9nagement du territoire : exode urbain, le rapport des jeunes \u00e0 la terre, le besoin de nature, l\u2019engouement pour la permaculture, l\u2019importance du local et de l\u2019\u00e9conomie circulaire, le besoin de consommer diff\u00e9remment, y compris l\u2019\u00e9nergie renouvelable\u202f! <\/p>\n\n\n\n<p><\/p>\n\n\n\n<p><\/p>\n\n\n\n<p class=\"has-text-align-left\">\ud83c\udfac <strong>Visionnez l\u2019interview de Pascale Bigard pour en savoir plus sur \u00ab\u00a0Les tendances en mati\u00e8re d\u2019habitat et d\u2019habiter\u202f\u00a0\u00bb \ud83d\udc47\ud83c\udffc <\/strong><\/p>\n\n\n\n<p><\/p>\n\n\n\n<figure class=\"wp-block-embed is-type-video is-provider-youtube wp-block-embed-youtube wp-embed-aspect-16-9 wp-has-aspect-ratio\"><div class=\"wp-block-embed__wrapper\">\n<iframe loading=\"lazy\" title=\"Les tendances en mati\u00e8re d\u2019habitat et d\u2019habiter par Pascale BIGARD, Sociologue\" width=\"500\" height=\"281\" src=\"https:\/\/www.youtube.com\/embed\/yyM_6Mer2kU?feature=oembed\" frameborder=\"0\" allow=\"accelerometer; autoplay; clipboard-write; encrypted-media; gyroscope; picture-in-picture; web-share\" referrerpolicy=\"strict-origin-when-cross-origin\" allowfullscreen><\/iframe>\n<\/div><\/figure>\n\n\n\n<p><\/p>\n","protected":false},"excerpt":{"rendered":"<p>\u00c0 quoi ressemble l&rsquo;acqu\u00e9reur de demain ? \ud83c\udf0d \u00ab\u00a0\u202fSous le foncier, la terre.\u202f\u00a0\u00bb\u00a0Une analyse de\u00a0Pascale Bigard, sociologue sp\u00e9cialiste des tendances et des marques, sur la n\u00e9cessit\u00e9 de mieux construire, mieux vivre et mieux consommer.\u00a0 Dans le webinaire du 12 novembre 2021 \u00ab\u202f\u00c0 quoi ressemble l\u2019acqu\u00e9reur de demain\u202f\u00bb, co-con\u00e7u par l\u2019Association Maisons de Qualit\u00e9&nbsp;et&nbsp;GRDF, Pascale Bigard [&hellip;]<\/p>\n","protected":false},"author":5,"featured_media":1170,"comment_status":"open","ping_status":"open","sticky":false,"template":"","format":"standard","meta":{"inline_featured_image":false,"footnotes":""},"categories":[4],"tags":[],"class_list":["post-1154","post","type-post","status-publish","format-standard","has-post-thumbnail","hentry","category-actualites"],"acf":[],"yoast_head":"<!-- This site is optimized with the Yoast SEO plugin v23.4 - https:\/\/yoast.com\/wordpress\/plugins\/seo\/ -->\n<title>\u00c0 quoi ressemble l&#039;acqu\u00e9reur de demain ? Association Maisons de Qualit\u00e9<\/title>\n<meta name=\"description\" content=\"Interview de\u00a0Pascale Bigard, sociologue sp\u00e9cialiste de l&#039;habitat, sur la n\u00e9cessit\u00e9 de mieux construire, mieux vivre et mieux consommer.\" \/>\n<meta name=\"robots\" content=\"index, follow, max-snippet:-1, max-image-preview:large, max-video-preview:-1\" \/>\n<link rel=\"canonical\" href=\"https:\/\/www.maisons-qualite.com\/association\/actualites\/a-quoi-ressemble-lacquereur-de-demain\" \/>\n<meta property=\"og:locale\" content=\"fr_FR\" \/>\n<meta property=\"og:type\" content=\"article\" \/>\n<meta property=\"og:title\" content=\"\u00c0 quoi ressemble l&#039;acqu\u00e9reur de demain ? Association Maisons de Qualit\u00e9\" \/>\n<meta property=\"og:description\" content=\"Interview de\u00a0Pascale Bigard, sociologue sp\u00e9cialiste de l&#039;habitat, sur la n\u00e9cessit\u00e9 de mieux construire, mieux vivre et mieux consommer.\" \/>\n<meta property=\"og:url\" content=\"https:\/\/www.maisons-qualite.com\/association\/actualites\/a-quoi-ressemble-lacquereur-de-demain\" \/>\n<meta property=\"og:site_name\" content=\"Association Maisons de Qualit\u00e9\" \/>\n<meta property=\"article:published_time\" content=\"2021-11-23T10:06:56+00:00\" \/>\n<meta property=\"article:modified_time\" content=\"2021-11-23T11:38:38+00:00\" \/>\n<meta property=\"og:image\" content=\"https:\/\/www.maisons-qualite.com\/association\/wp-content\/uploads\/2021\/11\/Asso-site-webinaire-1024x1024.png\" \/>\n\t<meta property=\"og:image:width\" content=\"1024\" \/>\n\t<meta property=\"og:image:height\" content=\"1024\" \/>\n\t<meta property=\"og:image:type\" content=\"image\/png\" \/>\n<meta name=\"author\" content=\"marouane\" \/>\n<meta name=\"twitter:card\" content=\"summary_large_image\" \/>\n<meta name=\"twitter:label1\" content=\"\u00c9crit par\" \/>\n\t<meta name=\"twitter:data1\" content=\"marouane\" \/>\n\t<meta name=\"twitter:label2\" content=\"Dur\u00e9e de lecture estim\u00e9e\" \/>\n\t<meta name=\"twitter:data2\" content=\"3 minutes\" \/>\n<script type=\"application\/ld+json\" class=\"yoast-schema-graph\">{\"@context\":\"https:\/\/schema.org\",\"@graph\":[{\"@type\":\"WebPage\",\"@id\":\"https:\/\/www.maisons-qualite.com\/association\/actualites\/a-quoi-ressemble-lacquereur-de-demain\",\"url\":\"https:\/\/www.maisons-qualite.com\/association\/actualites\/a-quoi-ressemble-lacquereur-de-demain\",\"name\":\"\u00c0 quoi ressemble l'acqu\u00e9reur de demain ? Association Maisons de Qualit\u00e9\",\"isPartOf\":{\"@id\":\"https:\/\/www.maisons-qualite.com\/association\/#website\"},\"primaryImageOfPage\":{\"@id\":\"https:\/\/www.maisons-qualite.com\/association\/actualites\/a-quoi-ressemble-lacquereur-de-demain#primaryimage\"},\"image\":{\"@id\":\"https:\/\/www.maisons-qualite.com\/association\/actualites\/a-quoi-ressemble-lacquereur-de-demain#primaryimage\"},\"thumbnailUrl\":\"https:\/\/www.maisons-qualite.com\/association\/wp-content\/uploads\/2021\/11\/Asso-site-webinaire.png\",\"datePublished\":\"2021-11-23T10:06:56+00:00\",\"dateModified\":\"2021-11-23T11:38:38+00:00\",\"author\":{\"@id\":\"https:\/\/www.maisons-qualite.com\/association\/#\/schema\/person\/877e9431a1756cf89c45549be9bf96c0\"},\"description\":\"Interview de\u00a0Pascale Bigard, sociologue sp\u00e9cialiste de l'habitat, sur la n\u00e9cessit\u00e9 de mieux construire, mieux vivre et mieux consommer.\",\"breadcrumb\":{\"@id\":\"https:\/\/www.maisons-qualite.com\/association\/actualites\/a-quoi-ressemble-lacquereur-de-demain#breadcrumb\"},\"inLanguage\":\"fr-FR\",\"potentialAction\":[{\"@type\":\"ReadAction\",\"target\":[\"https:\/\/www.maisons-qualite.com\/association\/actualites\/a-quoi-ressemble-lacquereur-de-demain\"]}]},{\"@type\":\"ImageObject\",\"inLanguage\":\"fr-FR\",\"@id\":\"https:\/\/www.maisons-qualite.com\/association\/actualites\/a-quoi-ressemble-lacquereur-de-demain#primaryimage\",\"url\":\"https:\/\/www.maisons-qualite.com\/association\/wp-content\/uploads\/2021\/11\/Asso-site-webinaire.png\",\"contentUrl\":\"https:\/\/www.maisons-qualite.com\/association\/wp-content\/uploads\/2021\/11\/Asso-site-webinaire.png\",\"width\":18000,\"height\":18000},{\"@type\":\"BreadcrumbList\",\"@id\":\"https:\/\/www.maisons-qualite.com\/association\/actualites\/a-quoi-ressemble-lacquereur-de-demain#breadcrumb\",\"itemListElement\":[{\"@type\":\"ListItem\",\"position\":1,\"name\":\"Accueil\",\"item\":\"https:\/\/www.maisons-qualite.com\/association\/\"},{\"@type\":\"ListItem\",\"position\":2,\"name\":\"\u00c0 quoi ressemble l&rsquo;acqu\u00e9reur de demain ?\"}]},{\"@type\":\"WebSite\",\"@id\":\"https:\/\/www.maisons-qualite.com\/association\/#website\",\"url\":\"https:\/\/www.maisons-qualite.com\/association\/\",\"name\":\"Association Maisons de Qualit\u00e9\",\"description\":\"Ensemble avec la Terre, notre seule Maison\",\"potentialAction\":[{\"@type\":\"SearchAction\",\"target\":{\"@type\":\"EntryPoint\",\"urlTemplate\":\"https:\/\/www.maisons-qualite.com\/association\/?s={search_term_string}\"},\"query-input\":{\"@type\":\"PropertyValueSpecification\",\"valueRequired\":true,\"valueName\":\"search_term_string\"}}],\"inLanguage\":\"fr-FR\"},{\"@type\":\"Person\",\"@id\":\"https:\/\/www.maisons-qualite.com\/association\/#\/schema\/person\/877e9431a1756cf89c45549be9bf96c0\",\"name\":\"marouane\",\"image\":{\"@type\":\"ImageObject\",\"inLanguage\":\"fr-FR\",\"@id\":\"https:\/\/www.maisons-qualite.com\/association\/#\/schema\/person\/image\/\",\"url\":\"https:\/\/secure.gravatar.com\/avatar\/44b0a5d6eee1058657e857a31b8ee2916fb27bfd2d86099d4dd5cf6049d4109a?s=96&d=mm&r=g\",\"contentUrl\":\"https:\/\/secure.gravatar.com\/avatar\/44b0a5d6eee1058657e857a31b8ee2916fb27bfd2d86099d4dd5cf6049d4109a?s=96&d=mm&r=g\",\"caption\":\"marouane\"}}]}<\/script>\n<!-- \/ Yoast SEO plugin. -->","yoast_head_json":{"title":"\u00c0 quoi ressemble l'acqu\u00e9reur de demain ? Association Maisons de Qualit\u00e9","description":"Interview de\u00a0Pascale Bigard, sociologue sp\u00e9cialiste de l'habitat, sur la n\u00e9cessit\u00e9 de mieux construire, mieux vivre et mieux consommer.","robots":{"index":"index","follow":"follow","max-snippet":"max-snippet:-1","max-image-preview":"max-image-preview:large","max-video-preview":"max-video-preview:-1"},"canonical":"https:\/\/www.maisons-qualite.com\/association\/actualites\/a-quoi-ressemble-lacquereur-de-demain","og_locale":"fr_FR","og_type":"article","og_title":"\u00c0 quoi ressemble l'acqu\u00e9reur de demain ? Association Maisons de Qualit\u00e9","og_description":"Interview de\u00a0Pascale Bigard, sociologue sp\u00e9cialiste de l'habitat, sur la n\u00e9cessit\u00e9 de mieux construire, mieux vivre et mieux consommer.","og_url":"https:\/\/www.maisons-qualite.com\/association\/actualites\/a-quoi-ressemble-lacquereur-de-demain","og_site_name":"Association Maisons de Qualit\u00e9","article_published_time":"2021-11-23T10:06:56+00:00","article_modified_time":"2021-11-23T11:38:38+00:00","og_image":[{"width":1024,"height":1024,"url":"https:\/\/www.maisons-qualite.com\/association\/wp-content\/uploads\/2021\/11\/Asso-site-webinaire-1024x1024.png","type":"image\/png"}],"author":"marouane","twitter_card":"summary_large_image","twitter_misc":{"\u00c9crit par":"marouane","Dur\u00e9e de lecture estim\u00e9e":"3 minutes"},"schema":{"@context":"https:\/\/schema.org","@graph":[{"@type":"WebPage","@id":"https:\/\/www.maisons-qualite.com\/association\/actualites\/a-quoi-ressemble-lacquereur-de-demain","url":"https:\/\/www.maisons-qualite.com\/association\/actualites\/a-quoi-ressemble-lacquereur-de-demain","name":"\u00c0 quoi ressemble l'acqu\u00e9reur de demain ? Association Maisons de Qualit\u00e9","isPartOf":{"@id":"https:\/\/www.maisons-qualite.com\/association\/#website"},"primaryImageOfPage":{"@id":"https:\/\/www.maisons-qualite.com\/association\/actualites\/a-quoi-ressemble-lacquereur-de-demain#primaryimage"},"image":{"@id":"https:\/\/www.maisons-qualite.com\/association\/actualites\/a-quoi-ressemble-lacquereur-de-demain#primaryimage"},"thumbnailUrl":"https:\/\/www.maisons-qualite.com\/association\/wp-content\/uploads\/2021\/11\/Asso-site-webinaire.png","datePublished":"2021-11-23T10:06:56+00:00","dateModified":"2021-11-23T11:38:38+00:00","author":{"@id":"https:\/\/www.maisons-qualite.com\/association\/#\/schema\/person\/877e9431a1756cf89c45549be9bf96c0"},"description":"Interview de\u00a0Pascale Bigard, sociologue sp\u00e9cialiste de l'habitat, sur la n\u00e9cessit\u00e9 de mieux construire, mieux vivre et mieux consommer.","breadcrumb":{"@id":"https:\/\/www.maisons-qualite.com\/association\/actualites\/a-quoi-ressemble-lacquereur-de-demain#breadcrumb"},"inLanguage":"fr-FR","potentialAction":[{"@type":"ReadAction","target":["https:\/\/www.maisons-qualite.com\/association\/actualites\/a-quoi-ressemble-lacquereur-de-demain"]}]},{"@type":"ImageObject","inLanguage":"fr-FR","@id":"https:\/\/www.maisons-qualite.com\/association\/actualites\/a-quoi-ressemble-lacquereur-de-demain#primaryimage","url":"https:\/\/www.maisons-qualite.com\/association\/wp-content\/uploads\/2021\/11\/Asso-site-webinaire.png","contentUrl":"https:\/\/www.maisons-qualite.com\/association\/wp-content\/uploads\/2021\/11\/Asso-site-webinaire.png","width":18000,"height":18000},{"@type":"BreadcrumbList","@id":"https:\/\/www.maisons-qualite.com\/association\/actualites\/a-quoi-ressemble-lacquereur-de-demain#breadcrumb","itemListElement":[{"@type":"ListItem","position":1,"name":"Accueil","item":"https:\/\/www.maisons-qualite.com\/association\/"},{"@type":"ListItem","position":2,"name":"\u00c0 quoi ressemble l&rsquo;acqu\u00e9reur de demain ?"}]},{"@type":"WebSite","@id":"https:\/\/www.maisons-qualite.com\/association\/#website","url":"https:\/\/www.maisons-qualite.com\/association\/","name":"Association Maisons de Qualit\u00e9","description":"Ensemble avec la Terre, notre seule Maison","potentialAction":[{"@type":"SearchAction","target":{"@type":"EntryPoint","urlTemplate":"https:\/\/www.maisons-qualite.com\/association\/?s={search_term_string}"},"query-input":{"@type":"PropertyValueSpecification","valueRequired":true,"valueName":"search_term_string"}}],"inLanguage":"fr-FR"},{"@type":"Person","@id":"https:\/\/www.maisons-qualite.com\/association\/#\/schema\/person\/877e9431a1756cf89c45549be9bf96c0","name":"marouane","image":{"@type":"ImageObject","inLanguage":"fr-FR","@id":"https:\/\/www.maisons-qualite.com\/association\/#\/schema\/person\/image\/","url":"https:\/\/secure.gravatar.com\/avatar\/44b0a5d6eee1058657e857a31b8ee2916fb27bfd2d86099d4dd5cf6049d4109a?s=96&d=mm&r=g","contentUrl":"https:\/\/secure.gravatar.com\/avatar\/44b0a5d6eee1058657e857a31b8ee2916fb27bfd2d86099d4dd5cf6049d4109a?s=96&d=mm&r=g","caption":"marouane"}}]}},"_links":{"self":[{"href":"https:\/\/www.maisons-qualite.com\/association\/wp-json\/wp\/v2\/posts\/1154","targetHints":{"allow":["GET"]}}],"collection":[{"href":"https:\/\/www.maisons-qualite.com\/association\/wp-json\/wp\/v2\/posts"}],"about":[{"href":"https:\/\/www.maisons-qualite.com\/association\/wp-json\/wp\/v2\/types\/post"}],"author":[{"embeddable":true,"href":"https:\/\/www.maisons-qualite.com\/association\/wp-json\/wp\/v2\/users\/5"}],"replies":[{"embeddable":true,"href":"https:\/\/www.maisons-qualite.com\/association\/wp-json\/wp\/v2\/comments?post=1154"}],"version-history":[{"count":20,"href":"https:\/\/www.maisons-qualite.com\/association\/wp-json\/wp\/v2\/posts\/1154\/revisions"}],"predecessor-version":[{"id":1177,"href":"https:\/\/www.maisons-qualite.com\/association\/wp-json\/wp\/v2\/posts\/1154\/revisions\/1177"}],"wp:featuredmedia":[{"embeddable":true,"href":"https:\/\/www.maisons-qualite.com\/association\/wp-json\/wp\/v2\/media\/1170"}],"wp:attachment":[{"href":"https:\/\/www.maisons-qualite.com\/association\/wp-json\/wp\/v2\/media?parent=1154"}],"wp:term":[{"taxonomy":"category","embeddable":true,"href":"https:\/\/www.maisons-qualite.com\/association\/wp-json\/wp\/v2\/categories?post=1154"},{"taxonomy":"post_tag","embeddable":true,"href":"https:\/\/www.maisons-qualite.com\/association\/wp-json\/wp\/v2\/tags?post=1154"}],"curies":[{"name":"wp","href":"https:\/\/api.w.org\/{rel}","templated":true}]}}