{"id":1185,"date":"2021-12-10T16:40:42","date_gmt":"2021-12-10T15:40:42","guid":{"rendered":"https:\/\/www.maisons-qualite.com\/association\/?p=1185"},"modified":"2021-12-10T16:46:59","modified_gmt":"2021-12-10T15:46:59","slug":"amenager-et-construire-tout-en-repondant-aux-preferences-des-habitants-et-aux-enjeux-de-la-transition-ecologique","status":"publish","type":"post","link":"https:\/\/www.maisons-qualite.com\/association\/actualites\/amenager-et-construire-tout-en-repondant-aux-preferences-des-habitants-et-aux-enjeux-de-la-transition-ecologique","title":{"rendered":"De l&rsquo;habitat au cadre de vie : \u00c9v\u00e8nement"},"content":{"rendered":"\n<blockquote class=\"wp-block-quote is-layout-flow wp-block-quote-is-layout-flow\"><p><strong><em>\u00ab&nbsp;Constructeurs, am\u00e9nageurs, promoteurs, bailleurs sociaux, \u00e9lus locaux, repr\u00e9sentants du monde associatif et partenaires industriels, ensemble.&nbsp;\u00bb<\/em><\/strong><\/p><\/blockquote>\n\n\n\n<p>\ud83d\udc49 <strong>Accompagner efficacement les transitions \u00e9cologiques et sociales de tous les acteurs de l\u2019habitat en France et les r\u00e9unir ensemble le temps d\u2019une journ\u00e9e\u2026 Un ambitieux pari relev\u00e9 par l\u2019ensemble de l\u2019\u00e9cosyst\u00e8me de l\u2019Association Maisons de Qualit\u00e9&nbsp;et son Label Habitat et Qualit\u00e9 de Vie&nbsp;!<\/strong>   Retour sur l&rsquo;\u00e9v\u00e8nement National du 7 d\u00e9cembre \u00e0 Nantes \u00ab\u00a0De l&rsquo;habitat au cadre de vie, Comment am\u00e9nager et construire tout en r\u00e9pondant aux pr\u00e9f\u00e9rences des habitants et aux enjeux de la transition \u00e9cologique ?\u00a0\u00bb <\/p>\n\n\n\n<p>Le savoir-faire de \u00ab dialogue \u00bb de l\u2019Association Maisons de Qualit\u00e9 est issu \u00e0 l\u2019origine des premi\u00e8res tables-rondes entre les associations familiales et de consommateurs, les constructeurs et les partenaires publics et priv\u00e9s. Sur ce mod\u00e8le b\u00e9n\u00e9fique et puissant, l\u2019\u00e9cosyst\u00e8me de l\u2019Association Maisons de Qualit\u00e9 s\u2019est r\u00e9uni autour de 4 tables rondes inspirantes, dans l\u2019objectif de partager de bonnes pratiques et d\u2019ouvrir la porte \u00e0 des connexions authentiques et durables entre tous les participants d\u00e9sireux d\u2019apprendre, d\u2019\u00e9changer, de s\u2019inspirer et de collaborer dans un but commun.<\/p>\n\n\n\n<p>La journ\u00e9e s\u2019est articul\u00e9e autour de t\u00e9moignages crois\u00e9s entre constructeurs, am\u00e9nageurs, promoteurs, bailleurs sociaux, \u00e9lus locaux, repr\u00e9sentants du monde associatif et partenaires industriels de l\u2019\u00e9cosyst\u00e8me de l\u2019Association Maisons de Qualit\u00e9. Un panel d\u2019experts engag\u00e9s s\u2019est r\u00e9uni afin d\u2019apporter des solutions concr\u00e8tes pour les futurs habitants, de l\u2019\u00e9chelle r\u00e9gionale jusqu\u2019\u00e0 l\u2019\u00e9chelle de la parcelle. Au menu, quatre tables rondes sur des sujets vari\u00e9s et passionnants :<\/p>\n\n\n\n<p><br>\ud83d\udc68\u200d\ud83d\udc69\u200d\ud83d\udc67\u200d\ud83d\udc66 Les pr\u00e9f\u00e9rences des habitants en termes de logements<br>\ud83c\udfe1 Les \u00e9co-mat\u00e9riaux, une opportunit\u00e9 pour ancrer les pratiques constructives des acteurs de l\u2019am\u00e9nagement et de la construction dans les d\u00e9fis de la transition \u00e9cologique ?<br>\ud83e\udd1d Les vertus de la coop\u00e9ration entre am\u00e9nageurs et constructeurs<br>\u267b L\u2019int\u00e9gration des enjeux de biodiversit\u00e9 dans l\u2019am\u00e9nagement et la construction<\/p>\n\n\n\n<p><\/p>\n\n\n\n<figure class=\"wp-block-gallery columns-3 is-cropped wp-block-gallery-1 is-layout-flex wp-block-gallery-is-layout-flex\"><ul class=\"blocks-gallery-grid\"><li class=\"blocks-gallery-item\"><figure><img loading=\"lazy\" decoding=\"async\" width=\"1024\" height=\"807\" src=\"https:\/\/www.maisons-qualite.com\/association\/wp-content\/uploads\/2021\/12\/B-1024x807.jpeg\" alt=\"\" data-id=\"1198\" data-full-url=\"https:\/\/www.maisons-qualite.com\/association\/wp-content\/uploads\/2021\/12\/B.jpeg\" data-link=\"https:\/\/www.maisons-qualite.com\/association\/?attachment_id=1198\" class=\"wp-image-1198\" srcset=\"https:\/\/www.maisons-qualite.com\/association\/wp-content\/uploads\/2021\/12\/B-1024x807.jpeg 1024w, https:\/\/www.maisons-qualite.com\/association\/wp-content\/uploads\/2021\/12\/B-300x236.jpeg 300w, https:\/\/www.maisons-qualite.com\/association\/wp-content\/uploads\/2021\/12\/B-768x605.jpeg 768w, https:\/\/www.maisons-qualite.com\/association\/wp-content\/uploads\/2021\/12\/B-1536x1210.jpeg 1536w, https:\/\/www.maisons-qualite.com\/association\/wp-content\/uploads\/2021\/12\/B.jpeg 1998w\" sizes=\"auto, (max-width: 1024px) 100vw, 1024px\" \/><\/figure><\/li><li class=\"blocks-gallery-item\"><figure><img loading=\"lazy\" decoding=\"async\" width=\"1024\" height=\"720\" src=\"https:\/\/www.maisons-qualite.com\/association\/wp-content\/uploads\/2021\/12\/C-1024x720.jpeg\" alt=\"\" data-id=\"1199\" data-full-url=\"https:\/\/www.maisons-qualite.com\/association\/wp-content\/uploads\/2021\/12\/C.jpeg\" data-link=\"https:\/\/www.maisons-qualite.com\/association\/?attachment_id=1199\" class=\"wp-image-1199\" srcset=\"https:\/\/www.maisons-qualite.com\/association\/wp-content\/uploads\/2021\/12\/C-1024x720.jpeg 1024w, https:\/\/www.maisons-qualite.com\/association\/wp-content\/uploads\/2021\/12\/C-300x211.jpeg 300w, https:\/\/www.maisons-qualite.com\/association\/wp-content\/uploads\/2021\/12\/C-768x540.jpeg 768w, https:\/\/www.maisons-qualite.com\/association\/wp-content\/uploads\/2021\/12\/C-1536x1080.jpeg 1536w, https:\/\/www.maisons-qualite.com\/association\/wp-content\/uploads\/2021\/12\/C-2048x1440.jpeg 2048w\" sizes=\"auto, (max-width: 1024px) 100vw, 1024px\" \/><\/figure><\/li><li class=\"blocks-gallery-item\"><figure><img loading=\"lazy\" decoding=\"async\" width=\"1024\" height=\"737\" src=\"https:\/\/www.maisons-qualite.com\/association\/wp-content\/uploads\/2021\/12\/D-1024x737.jpeg\" alt=\"\" data-id=\"1200\" data-full-url=\"https:\/\/www.maisons-qualite.com\/association\/wp-content\/uploads\/2021\/12\/D.jpeg\" data-link=\"https:\/\/www.maisons-qualite.com\/association\/?attachment_id=1200\" class=\"wp-image-1200\" srcset=\"https:\/\/www.maisons-qualite.com\/association\/wp-content\/uploads\/2021\/12\/D-1024x737.jpeg 1024w, https:\/\/www.maisons-qualite.com\/association\/wp-content\/uploads\/2021\/12\/D-300x216.jpeg 300w, https:\/\/www.maisons-qualite.com\/association\/wp-content\/uploads\/2021\/12\/D-768x552.jpeg 768w, https:\/\/www.maisons-qualite.com\/association\/wp-content\/uploads\/2021\/12\/D-1536x1105.jpeg 1536w, https:\/\/www.maisons-qualite.com\/association\/wp-content\/uploads\/2021\/12\/D-2048x1473.jpeg 2048w\" sizes=\"auto, (max-width: 1024px) 100vw, 1024px\" \/><\/figure><\/li><li class=\"blocks-gallery-item\"><figure><img loading=\"lazy\" decoding=\"async\" width=\"1024\" height=\"765\" src=\"https:\/\/www.maisons-qualite.com\/association\/wp-content\/uploads\/2021\/12\/E-1024x765.jpeg\" alt=\"\" data-id=\"1201\" data-full-url=\"https:\/\/www.maisons-qualite.com\/association\/wp-content\/uploads\/2021\/12\/E.jpeg\" data-link=\"https:\/\/www.maisons-qualite.com\/association\/?attachment_id=1201\" class=\"wp-image-1201\" srcset=\"https:\/\/www.maisons-qualite.com\/association\/wp-content\/uploads\/2021\/12\/E-1024x765.jpeg 1024w, https:\/\/www.maisons-qualite.com\/association\/wp-content\/uploads\/2021\/12\/E-300x224.jpeg 300w, https:\/\/www.maisons-qualite.com\/association\/wp-content\/uploads\/2021\/12\/E-768x573.jpeg 768w, https:\/\/www.maisons-qualite.com\/association\/wp-content\/uploads\/2021\/12\/E-1536x1147.jpeg 1536w, https:\/\/www.maisons-qualite.com\/association\/wp-content\/uploads\/2021\/12\/E-2048x1529.jpeg 2048w\" sizes=\"auto, (max-width: 1024px) 100vw, 1024px\" \/><\/figure><\/li><\/ul><\/figure>\n\n\n\n<p>Nous croyons au changement et nous voulons contribuer au tournant positif des pratiques de l\u2019am\u00e9nagement et de l\u2019urbanisme car nous sommes convaincus que l\u2019adoption des modes de vie durables se fera&nbsp;ensemble, en associant tous les acteurs de l\u2019habitat afin de r\u00e9pondre aux besoins et attentes des collectivit\u00e9s locales et des familles.&nbsp;Nous sommes responsables de la qualit\u00e9 de vie que nous voulons b\u00e2tir aujourd\u2019hui et demain&nbsp;dans nos territoires&nbsp;!&nbsp;<\/p>\n\n\n\n<p>Une dynamique exemplaire et contagieuse&nbsp;!&nbsp;\ud83d\ude09<\/p>\n\n\n\n<figure class=\"wp-block-embed aligncenter is-type-video is-provider-youtube wp-block-embed-youtube wp-embed-aspect-16-9 wp-has-aspect-ratio\"><div class=\"wp-block-embed__wrapper\">\n<iframe loading=\"lazy\" title=\"Retour sur l&#039;\u00e9v\u00e8nement de l&#039;Association Maisons de Qualit\u00e9 et son Label Habitat et Qualit\u00e9 de Vie\" width=\"500\" height=\"281\" src=\"https:\/\/www.youtube.com\/embed\/-FeCxoFBsc8?feature=oembed\" frameborder=\"0\" allow=\"accelerometer; autoplay; clipboard-write; encrypted-media; gyroscope; picture-in-picture; web-share\" referrerpolicy=\"strict-origin-when-cross-origin\" allowfullscreen><\/iframe>\n<\/div><figcaption>Retour en vid\u00e9o sur notre \u00e9v\u00e8nement national du 7 d\u00e9cembre<\/figcaption><\/figure>\n","protected":false},"excerpt":{"rendered":"<p>\u00ab&nbsp;Constructeurs, am\u00e9nageurs, promoteurs, bailleurs sociaux, \u00e9lus locaux, repr\u00e9sentants du monde associatif et partenaires industriels, ensemble.&nbsp;\u00bb \ud83d\udc49 Accompagner efficacement les transitions \u00e9cologiques et sociales de tous les acteurs de l\u2019habitat en France et les r\u00e9unir ensemble le temps d\u2019une journ\u00e9e\u2026 Un ambitieux pari relev\u00e9 par l\u2019ensemble de l\u2019\u00e9cosyst\u00e8me de l\u2019Association Maisons de Qualit\u00e9&nbsp;et son Label Habitat [&hellip;]<\/p>\n","protected":false},"author":5,"featured_media":1190,"comment_status":"open","ping_status":"open","sticky":false,"template":"","format":"standard","meta":{"inline_featured_image":false,"footnotes":""},"categories":[4],"tags":[],"class_list":["post-1185","post","type-post","status-publish","format-standard","has-post-thumbnail","hentry","category-actualites"],"acf":[],"yoast_head":"<!-- This site is optimized with the Yoast SEO plugin v23.4 - https:\/\/yoast.com\/wordpress\/plugins\/seo\/ -->\n<title>De l&#039;habitat au cadre de vie : \u00c9v\u00e8nement - Association Maisons de Qualit\u00e9<\/title>\n<meta name=\"description\" content=\"Le 7 d\u00e9cembre se d\u00e9roulait l&#039;\u00e9v\u00e8nement National de l&#039;Association Maisons de Qualit\u00e9 et de son label Habitat et Qualit\u00e9 de Vie.\" \/>\n<meta name=\"robots\" content=\"index, follow, max-snippet:-1, max-image-preview:large, max-video-preview:-1\" \/>\n<link rel=\"canonical\" href=\"https:\/\/www.maisons-qualite.com\/association\/actualites\/amenager-et-construire-tout-en-repondant-aux-preferences-des-habitants-et-aux-enjeux-de-la-transition-ecologique\" \/>\n<meta property=\"og:locale\" content=\"fr_FR\" \/>\n<meta property=\"og:type\" content=\"article\" \/>\n<meta property=\"og:title\" content=\"De l&#039;habitat au cadre de vie : \u00c9v\u00e8nement - Association Maisons de Qualit\u00e9\" \/>\n<meta property=\"og:description\" content=\"Le 7 d\u00e9cembre se d\u00e9roulait l&#039;\u00e9v\u00e8nement National de l&#039;Association Maisons de Qualit\u00e9 et de son label Habitat et Qualit\u00e9 de Vie.\" \/>\n<meta property=\"og:url\" content=\"https:\/\/www.maisons-qualite.com\/association\/actualites\/amenager-et-construire-tout-en-repondant-aux-preferences-des-habitants-et-aux-enjeux-de-la-transition-ecologique\" \/>\n<meta property=\"og:site_name\" content=\"Association Maisons de Qualit\u00e9\" \/>\n<meta property=\"article:published_time\" content=\"2021-12-10T15:40:42+00:00\" \/>\n<meta property=\"article:modified_time\" content=\"2021-12-10T15:46:59+00:00\" \/>\n<meta property=\"og:image\" content=\"https:\/\/www.maisons-qualite.com\/association\/wp-content\/uploads\/2021\/12\/F.jpeg\" \/>\n\t<meta property=\"og:image:width\" content=\"2048\" \/>\n\t<meta property=\"og:image:height\" content=\"1536\" \/>\n\t<meta property=\"og:image:type\" content=\"image\/jpeg\" \/>\n<meta name=\"author\" content=\"marouane\" \/>\n<meta name=\"twitter:card\" content=\"summary_large_image\" \/>\n<meta name=\"twitter:label1\" content=\"\u00c9crit par\" \/>\n\t<meta name=\"twitter:data1\" content=\"marouane\" \/>\n\t<meta name=\"twitter:label2\" content=\"Dur\u00e9e de lecture estim\u00e9e\" \/>\n\t<meta name=\"twitter:data2\" content=\"3 minutes\" \/>\n<script type=\"application\/ld+json\" class=\"yoast-schema-graph\">{\"@context\":\"https:\/\/schema.org\",\"@graph\":[{\"@type\":\"WebPage\",\"@id\":\"https:\/\/www.maisons-qualite.com\/association\/actualites\/amenager-et-construire-tout-en-repondant-aux-preferences-des-habitants-et-aux-enjeux-de-la-transition-ecologique\",\"url\":\"https:\/\/www.maisons-qualite.com\/association\/actualites\/amenager-et-construire-tout-en-repondant-aux-preferences-des-habitants-et-aux-enjeux-de-la-transition-ecologique\",\"name\":\"De l'habitat au cadre de vie : \u00c9v\u00e8nement - Association Maisons de Qualit\u00e9\",\"isPartOf\":{\"@id\":\"https:\/\/www.maisons-qualite.com\/association\/#website\"},\"primaryImageOfPage\":{\"@id\":\"https:\/\/www.maisons-qualite.com\/association\/actualites\/amenager-et-construire-tout-en-repondant-aux-preferences-des-habitants-et-aux-enjeux-de-la-transition-ecologique#primaryimage\"},\"image\":{\"@id\":\"https:\/\/www.maisons-qualite.com\/association\/actualites\/amenager-et-construire-tout-en-repondant-aux-preferences-des-habitants-et-aux-enjeux-de-la-transition-ecologique#primaryimage\"},\"thumbnailUrl\":\"https:\/\/www.maisons-qualite.com\/association\/wp-content\/uploads\/2021\/12\/F.jpeg\",\"datePublished\":\"2021-12-10T15:40:42+00:00\",\"dateModified\":\"2021-12-10T15:46:59+00:00\",\"author\":{\"@id\":\"https:\/\/www.maisons-qualite.com\/association\/#\/schema\/person\/877e9431a1756cf89c45549be9bf96c0\"},\"description\":\"Le 7 d\u00e9cembre se d\u00e9roulait l'\u00e9v\u00e8nement National de l'Association Maisons de Qualit\u00e9 et de son label Habitat et Qualit\u00e9 de Vie.\",\"breadcrumb\":{\"@id\":\"https:\/\/www.maisons-qualite.com\/association\/actualites\/amenager-et-construire-tout-en-repondant-aux-preferences-des-habitants-et-aux-enjeux-de-la-transition-ecologique#breadcrumb\"},\"inLanguage\":\"fr-FR\",\"potentialAction\":[{\"@type\":\"ReadAction\",\"target\":[\"https:\/\/www.maisons-qualite.com\/association\/actualites\/amenager-et-construire-tout-en-repondant-aux-preferences-des-habitants-et-aux-enjeux-de-la-transition-ecologique\"]}]},{\"@type\":\"ImageObject\",\"inLanguage\":\"fr-FR\",\"@id\":\"https:\/\/www.maisons-qualite.com\/association\/actualites\/amenager-et-construire-tout-en-repondant-aux-preferences-des-habitants-et-aux-enjeux-de-la-transition-ecologique#primaryimage\",\"url\":\"https:\/\/www.maisons-qualite.com\/association\/wp-content\/uploads\/2021\/12\/F.jpeg\",\"contentUrl\":\"https:\/\/www.maisons-qualite.com\/association\/wp-content\/uploads\/2021\/12\/F.jpeg\",\"width\":2048,\"height\":1536},{\"@type\":\"BreadcrumbList\",\"@id\":\"https:\/\/www.maisons-qualite.com\/association\/actualites\/amenager-et-construire-tout-en-repondant-aux-preferences-des-habitants-et-aux-enjeux-de-la-transition-ecologique#breadcrumb\",\"itemListElement\":[{\"@type\":\"ListItem\",\"position\":1,\"name\":\"Accueil\",\"item\":\"https:\/\/www.maisons-qualite.com\/association\/\"},{\"@type\":\"ListItem\",\"position\":2,\"name\":\"De l&rsquo;habitat au cadre de vie : \u00c9v\u00e8nement\"}]},{\"@type\":\"WebSite\",\"@id\":\"https:\/\/www.maisons-qualite.com\/association\/#website\",\"url\":\"https:\/\/www.maisons-qualite.com\/association\/\",\"name\":\"Association Maisons de Qualit\u00e9\",\"description\":\"Ensemble avec la Terre, notre seule Maison\",\"potentialAction\":[{\"@type\":\"SearchAction\",\"target\":{\"@type\":\"EntryPoint\",\"urlTemplate\":\"https:\/\/www.maisons-qualite.com\/association\/?s={search_term_string}\"},\"query-input\":{\"@type\":\"PropertyValueSpecification\",\"valueRequired\":true,\"valueName\":\"search_term_string\"}}],\"inLanguage\":\"fr-FR\"},{\"@type\":\"Person\",\"@id\":\"https:\/\/www.maisons-qualite.com\/association\/#\/schema\/person\/877e9431a1756cf89c45549be9bf96c0\",\"name\":\"marouane\",\"image\":{\"@type\":\"ImageObject\",\"inLanguage\":\"fr-FR\",\"@id\":\"https:\/\/www.maisons-qualite.com\/association\/#\/schema\/person\/image\/\",\"url\":\"https:\/\/secure.gravatar.com\/avatar\/44b0a5d6eee1058657e857a31b8ee2916fb27bfd2d86099d4dd5cf6049d4109a?s=96&d=mm&r=g\",\"contentUrl\":\"https:\/\/secure.gravatar.com\/avatar\/44b0a5d6eee1058657e857a31b8ee2916fb27bfd2d86099d4dd5cf6049d4109a?s=96&d=mm&r=g\",\"caption\":\"marouane\"}}]}<\/script>\n<!-- \/ Yoast SEO plugin. -->","yoast_head_json":{"title":"De l'habitat au cadre de vie : \u00c9v\u00e8nement - Association Maisons de Qualit\u00e9","description":"Le 7 d\u00e9cembre se d\u00e9roulait l'\u00e9v\u00e8nement National de l'Association Maisons de Qualit\u00e9 et de son label Habitat et Qualit\u00e9 de Vie.","robots":{"index":"index","follow":"follow","max-snippet":"max-snippet:-1","max-image-preview":"max-image-preview:large","max-video-preview":"max-video-preview:-1"},"canonical":"https:\/\/www.maisons-qualite.com\/association\/actualites\/amenager-et-construire-tout-en-repondant-aux-preferences-des-habitants-et-aux-enjeux-de-la-transition-ecologique","og_locale":"fr_FR","og_type":"article","og_title":"De l'habitat au cadre de vie : \u00c9v\u00e8nement - Association Maisons de Qualit\u00e9","og_description":"Le 7 d\u00e9cembre se d\u00e9roulait l'\u00e9v\u00e8nement National de l'Association Maisons de Qualit\u00e9 et de son label Habitat et Qualit\u00e9 de Vie.","og_url":"https:\/\/www.maisons-qualite.com\/association\/actualites\/amenager-et-construire-tout-en-repondant-aux-preferences-des-habitants-et-aux-enjeux-de-la-transition-ecologique","og_site_name":"Association Maisons de Qualit\u00e9","article_published_time":"2021-12-10T15:40:42+00:00","article_modified_time":"2021-12-10T15:46:59+00:00","og_image":[{"width":2048,"height":1536,"url":"https:\/\/www.maisons-qualite.com\/association\/wp-content\/uploads\/2021\/12\/F.jpeg","type":"image\/jpeg"}],"author":"marouane","twitter_card":"summary_large_image","twitter_misc":{"\u00c9crit par":"marouane","Dur\u00e9e de lecture estim\u00e9e":"3 minutes"},"schema":{"@context":"https:\/\/schema.org","@graph":[{"@type":"WebPage","@id":"https:\/\/www.maisons-qualite.com\/association\/actualites\/amenager-et-construire-tout-en-repondant-aux-preferences-des-habitants-et-aux-enjeux-de-la-transition-ecologique","url":"https:\/\/www.maisons-qualite.com\/association\/actualites\/amenager-et-construire-tout-en-repondant-aux-preferences-des-habitants-et-aux-enjeux-de-la-transition-ecologique","name":"De l'habitat au cadre de vie : \u00c9v\u00e8nement - Association Maisons de Qualit\u00e9","isPartOf":{"@id":"https:\/\/www.maisons-qualite.com\/association\/#website"},"primaryImageOfPage":{"@id":"https:\/\/www.maisons-qualite.com\/association\/actualites\/amenager-et-construire-tout-en-repondant-aux-preferences-des-habitants-et-aux-enjeux-de-la-transition-ecologique#primaryimage"},"image":{"@id":"https:\/\/www.maisons-qualite.com\/association\/actualites\/amenager-et-construire-tout-en-repondant-aux-preferences-des-habitants-et-aux-enjeux-de-la-transition-ecologique#primaryimage"},"thumbnailUrl":"https:\/\/www.maisons-qualite.com\/association\/wp-content\/uploads\/2021\/12\/F.jpeg","datePublished":"2021-12-10T15:40:42+00:00","dateModified":"2021-12-10T15:46:59+00:00","author":{"@id":"https:\/\/www.maisons-qualite.com\/association\/#\/schema\/person\/877e9431a1756cf89c45549be9bf96c0"},"description":"Le 7 d\u00e9cembre se d\u00e9roulait l'\u00e9v\u00e8nement National de l'Association Maisons de Qualit\u00e9 et de son label Habitat et Qualit\u00e9 de Vie.","breadcrumb":{"@id":"https:\/\/www.maisons-qualite.com\/association\/actualites\/amenager-et-construire-tout-en-repondant-aux-preferences-des-habitants-et-aux-enjeux-de-la-transition-ecologique#breadcrumb"},"inLanguage":"fr-FR","potentialAction":[{"@type":"ReadAction","target":["https:\/\/www.maisons-qualite.com\/association\/actualites\/amenager-et-construire-tout-en-repondant-aux-preferences-des-habitants-et-aux-enjeux-de-la-transition-ecologique"]}]},{"@type":"ImageObject","inLanguage":"fr-FR","@id":"https:\/\/www.maisons-qualite.com\/association\/actualites\/amenager-et-construire-tout-en-repondant-aux-preferences-des-habitants-et-aux-enjeux-de-la-transition-ecologique#primaryimage","url":"https:\/\/www.maisons-qualite.com\/association\/wp-content\/uploads\/2021\/12\/F.jpeg","contentUrl":"https:\/\/www.maisons-qualite.com\/association\/wp-content\/uploads\/2021\/12\/F.jpeg","width":2048,"height":1536},{"@type":"BreadcrumbList","@id":"https:\/\/www.maisons-qualite.com\/association\/actualites\/amenager-et-construire-tout-en-repondant-aux-preferences-des-habitants-et-aux-enjeux-de-la-transition-ecologique#breadcrumb","itemListElement":[{"@type":"ListItem","position":1,"name":"Accueil","item":"https:\/\/www.maisons-qualite.com\/association\/"},{"@type":"ListItem","position":2,"name":"De l&rsquo;habitat au cadre de vie : \u00c9v\u00e8nement"}]},{"@type":"WebSite","@id":"https:\/\/www.maisons-qualite.com\/association\/#website","url":"https:\/\/www.maisons-qualite.com\/association\/","name":"Association Maisons de Qualit\u00e9","description":"Ensemble avec la Terre, notre seule Maison","potentialAction":[{"@type":"SearchAction","target":{"@type":"EntryPoint","urlTemplate":"https:\/\/www.maisons-qualite.com\/association\/?s={search_term_string}"},"query-input":{"@type":"PropertyValueSpecification","valueRequired":true,"valueName":"search_term_string"}}],"inLanguage":"fr-FR"},{"@type":"Person","@id":"https:\/\/www.maisons-qualite.com\/association\/#\/schema\/person\/877e9431a1756cf89c45549be9bf96c0","name":"marouane","image":{"@type":"ImageObject","inLanguage":"fr-FR","@id":"https:\/\/www.maisons-qualite.com\/association\/#\/schema\/person\/image\/","url":"https:\/\/secure.gravatar.com\/avatar\/44b0a5d6eee1058657e857a31b8ee2916fb27bfd2d86099d4dd5cf6049d4109a?s=96&d=mm&r=g","contentUrl":"https:\/\/secure.gravatar.com\/avatar\/44b0a5d6eee1058657e857a31b8ee2916fb27bfd2d86099d4dd5cf6049d4109a?s=96&d=mm&r=g","caption":"marouane"}}]}},"_links":{"self":[{"href":"https:\/\/www.maisons-qualite.com\/association\/wp-json\/wp\/v2\/posts\/1185","targetHints":{"allow":["GET"]}}],"collection":[{"href":"https:\/\/www.maisons-qualite.com\/association\/wp-json\/wp\/v2\/posts"}],"about":[{"href":"https:\/\/www.maisons-qualite.com\/association\/wp-json\/wp\/v2\/types\/post"}],"author":[{"embeddable":true,"href":"https:\/\/www.maisons-qualite.com\/association\/wp-json\/wp\/v2\/users\/5"}],"replies":[{"embeddable":true,"href":"https:\/\/www.maisons-qualite.com\/association\/wp-json\/wp\/v2\/comments?post=1185"}],"version-history":[{"count":22,"href":"https:\/\/www.maisons-qualite.com\/association\/wp-json\/wp\/v2\/posts\/1185\/revisions"}],"predecessor-version":[{"id":1222,"href":"https:\/\/www.maisons-qualite.com\/association\/wp-json\/wp\/v2\/posts\/1185\/revisions\/1222"}],"wp:featuredmedia":[{"embeddable":true,"href":"https:\/\/www.maisons-qualite.com\/association\/wp-json\/wp\/v2\/media\/1190"}],"wp:attachment":[{"href":"https:\/\/www.maisons-qualite.com\/association\/wp-json\/wp\/v2\/media?parent=1185"}],"wp:term":[{"taxonomy":"category","embeddable":true,"href":"https:\/\/www.maisons-qualite.com\/association\/wp-json\/wp\/v2\/categories?post=1185"},{"taxonomy":"post_tag","embeddable":true,"href":"https:\/\/www.maisons-qualite.com\/association\/wp-json\/wp\/v2\/tags?post=1185"}],"curies":[{"name":"wp","href":"https:\/\/api.w.org\/{rel}","templated":true}]}}