{"id":1254,"date":"2022-02-15T16:31:07","date_gmt":"2022-02-15T15:31:07","guid":{"rendered":"https:\/\/www.maisons-qualite.com\/association\/?p=1254"},"modified":"2022-02-15T16:31:07","modified_gmt":"2022-02-15T15:31:07","slug":"journee-de-lequipe-pedagogique","status":"publish","type":"post","link":"https:\/\/www.maisons-qualite.com\/association\/actualites\/journee-de-lequipe-pedagogique","title":{"rendered":"Journ\u00e9e de l&rsquo;\u00e9quipe p\u00e9dagogique"},"content":{"rendered":"\n<p>Le 3 f\u00e9vrier dernier, l\u2019Association Maisons de Qualit\u00e9 a organis\u00e9 la 1<sup>\u00e8re<\/sup> rencontre de l\u2019\u00e9quipe p\u00e9dagogique avec l\u2019ensemble de ses formateurs. Cette journ\u00e9e a \u00e9t\u00e9 l\u2019occasion pour eux de faire connaissance en toute convivialit\u00e9, de cr\u00e9er des synergies et d\u2019apprendre du savoir de chacun pour proposer des form\u2019actions toujours plus impactantes !<\/p>\n\n\n\n<p>Les participants ont pu s\u2019inspirer lors d\u2019une conf\u00e9rence-d\u00e9bat sur le th\u00e8me des neurosciences cognitives au service de la formation. Le conf\u00e9rencier Eric Collin, en s&rsquo;appuyant sur les connaissances du fonctionnement du cerveau et au moyen d&rsquo;exemples concrets, a donn\u00e9 aux formateurs des cl\u00e9s directement applicables pour rendre leurs form\u2019actions plus impactantes, efficaces et m\u00e9morisables&nbsp;!<\/p>\n\n\n\n<p>\ud83d\udcac Le mot des participants\u00a0: <\/p>\n\n\n\n<p>J\u00e9r\u00f4me H\u00e9nault\u00a0: \u00ab\u00a0Cette conf\u00e9rence d\u2019Eric Collin va me servir \u00e0 adapter le format de mes formations pour qu\u2019elles soient davantage profitables aux apprenants\u00a0!\u00a0\u00bb<\/p>\n\n\n\n<p>Dominique Renard Brazzi&nbsp;: \u00ab&nbsp;Cette journ\u00e9e de rencontre de l\u2019\u00e9quipe p\u00e9dagogique est une super initiative car nous avons des probl\u00e9matiques similaires et des possibilit\u00e9s de compl\u00e9mentarit\u00e9 qu\u2019il est utile d\u2019\u00e9changer ensemble.&nbsp;\u00bb<\/p>\n\n\n\n<p>\ud83d\udcac Le mot de Anne-Marie Ouvrard, animatrice de cette rencontre et responsable formation\u00a0: \u00ab Il ressort de cette rencontre une volont\u00e9 de travailler ensemble au sein de l\u2019\u00e9quipe p\u00e9dagogique \u00e0 de nouveaux formats de form\u2019actions permettant de d\u00e9livrer des apports davantage m\u00e9morisables et transposables en entreprise. \u00bb<\/p>\n\n\n\n<p><\/p>\n\n\n\n<p><\/p>\n","protected":false},"excerpt":{"rendered":"<p>Le 3 f\u00e9vrier dernier, l\u2019Association Maisons de Qualit\u00e9 a organis\u00e9 la 1\u00e8re rencontre de l\u2019\u00e9quipe p\u00e9dagogique avec l\u2019ensemble de ses formateurs. Cette journ\u00e9e a \u00e9t\u00e9 l\u2019occasion pour eux de faire connaissance en toute convivialit\u00e9, de cr\u00e9er des synergies et d\u2019apprendre du savoir de chacun pour proposer des form\u2019actions toujours plus impactantes ! Les participants ont [&hellip;]<\/p>\n","protected":false},"author":5,"featured_media":1256,"comment_status":"open","ping_status":"open","sticky":false,"template":"","format":"standard","meta":{"inline_featured_image":false,"footnotes":""},"categories":[4],"tags":[],"class_list":["post-1254","post","type-post","status-publish","format-standard","has-post-thumbnail","hentry","category-actualites"],"acf":[],"yoast_head":"<!-- This site is optimized with the Yoast SEO plugin v23.4 - https:\/\/yoast.com\/wordpress\/plugins\/seo\/ -->\n<title>Journ\u00e9e de l&#039;\u00e9quipe p\u00e9dagogique - Association Maisons de Qualit\u00e9<\/title>\n<meta name=\"description\" content=\"L\u2019Association Maisons de Qualit\u00e9 a organis\u00e9 la 1\u00e8re rencontre de l\u2019\u00e9quipe p\u00e9dagogique avec l\u2019ensemble de ses formateurs.\" \/>\n<meta name=\"robots\" content=\"index, follow, max-snippet:-1, max-image-preview:large, max-video-preview:-1\" \/>\n<link rel=\"canonical\" href=\"https:\/\/www.maisons-qualite.com\/association\/actualites\/journee-de-lequipe-pedagogique\" \/>\n<meta property=\"og:locale\" content=\"fr_FR\" \/>\n<meta property=\"og:type\" content=\"article\" \/>\n<meta property=\"og:title\" content=\"Journ\u00e9e de l&#039;\u00e9quipe p\u00e9dagogique - Association Maisons de Qualit\u00e9\" \/>\n<meta property=\"og:description\" content=\"L\u2019Association Maisons de Qualit\u00e9 a organis\u00e9 la 1\u00e8re rencontre de l\u2019\u00e9quipe p\u00e9dagogique avec l\u2019ensemble de ses formateurs.\" \/>\n<meta property=\"og:url\" content=\"https:\/\/www.maisons-qualite.com\/association\/actualites\/journee-de-lequipe-pedagogique\" \/>\n<meta property=\"og:site_name\" content=\"Association Maisons de Qualit\u00e9\" \/>\n<meta property=\"article:published_time\" content=\"2022-02-15T15:31:07+00:00\" \/>\n<meta property=\"og:image\" content=\"https:\/\/www.maisons-qualite.com\/association\/wp-content\/uploads\/2022\/02\/IMG_9400-scaled-e1644938240512.jpg\" \/>\n\t<meta property=\"og:image:width\" content=\"1000\" \/>\n\t<meta property=\"og:image:height\" content=\"750\" \/>\n\t<meta property=\"og:image:type\" content=\"image\/jpeg\" \/>\n<meta name=\"author\" content=\"marouane\" \/>\n<meta name=\"twitter:card\" content=\"summary_large_image\" \/>\n<meta name=\"twitter:label1\" content=\"\u00c9crit par\" \/>\n\t<meta name=\"twitter:data1\" content=\"marouane\" \/>\n\t<meta name=\"twitter:label2\" content=\"Dur\u00e9e de lecture estim\u00e9e\" \/>\n\t<meta name=\"twitter:data2\" content=\"2 minutes\" \/>\n<script type=\"application\/ld+json\" class=\"yoast-schema-graph\">{\"@context\":\"https:\/\/schema.org\",\"@graph\":[{\"@type\":\"WebPage\",\"@id\":\"https:\/\/www.maisons-qualite.com\/association\/actualites\/journee-de-lequipe-pedagogique\",\"url\":\"https:\/\/www.maisons-qualite.com\/association\/actualites\/journee-de-lequipe-pedagogique\",\"name\":\"Journ\u00e9e de l'\u00e9quipe p\u00e9dagogique - Association Maisons de Qualit\u00e9\",\"isPartOf\":{\"@id\":\"https:\/\/www.maisons-qualite.com\/association\/#website\"},\"primaryImageOfPage\":{\"@id\":\"https:\/\/www.maisons-qualite.com\/association\/actualites\/journee-de-lequipe-pedagogique#primaryimage\"},\"image\":{\"@id\":\"https:\/\/www.maisons-qualite.com\/association\/actualites\/journee-de-lequipe-pedagogique#primaryimage\"},\"thumbnailUrl\":\"https:\/\/www.maisons-qualite.com\/association\/wp-content\/uploads\/2022\/02\/IMG_9400-scaled-e1644938240512.jpg\",\"datePublished\":\"2022-02-15T15:31:07+00:00\",\"dateModified\":\"2022-02-15T15:31:07+00:00\",\"author\":{\"@id\":\"https:\/\/www.maisons-qualite.com\/association\/#\/schema\/person\/877e9431a1756cf89c45549be9bf96c0\"},\"description\":\"L\u2019Association Maisons de Qualit\u00e9 a organis\u00e9 la 1\u00e8re rencontre de l\u2019\u00e9quipe p\u00e9dagogique avec l\u2019ensemble de ses formateurs.\",\"breadcrumb\":{\"@id\":\"https:\/\/www.maisons-qualite.com\/association\/actualites\/journee-de-lequipe-pedagogique#breadcrumb\"},\"inLanguage\":\"fr-FR\",\"potentialAction\":[{\"@type\":\"ReadAction\",\"target\":[\"https:\/\/www.maisons-qualite.com\/association\/actualites\/journee-de-lequipe-pedagogique\"]}]},{\"@type\":\"ImageObject\",\"inLanguage\":\"fr-FR\",\"@id\":\"https:\/\/www.maisons-qualite.com\/association\/actualites\/journee-de-lequipe-pedagogique#primaryimage\",\"url\":\"https:\/\/www.maisons-qualite.com\/association\/wp-content\/uploads\/2022\/02\/IMG_9400-scaled-e1644938240512.jpg\",\"contentUrl\":\"https:\/\/www.maisons-qualite.com\/association\/wp-content\/uploads\/2022\/02\/IMG_9400-scaled-e1644938240512.jpg\",\"width\":1000,\"height\":750},{\"@type\":\"BreadcrumbList\",\"@id\":\"https:\/\/www.maisons-qualite.com\/association\/actualites\/journee-de-lequipe-pedagogique#breadcrumb\",\"itemListElement\":[{\"@type\":\"ListItem\",\"position\":1,\"name\":\"Accueil\",\"item\":\"https:\/\/www.maisons-qualite.com\/association\/\"},{\"@type\":\"ListItem\",\"position\":2,\"name\":\"Journ\u00e9e de l&rsquo;\u00e9quipe p\u00e9dagogique\"}]},{\"@type\":\"WebSite\",\"@id\":\"https:\/\/www.maisons-qualite.com\/association\/#website\",\"url\":\"https:\/\/www.maisons-qualite.com\/association\/\",\"name\":\"Association Maisons de Qualit\u00e9\",\"description\":\"Ensemble avec la Terre, notre seule Maison\",\"potentialAction\":[{\"@type\":\"SearchAction\",\"target\":{\"@type\":\"EntryPoint\",\"urlTemplate\":\"https:\/\/www.maisons-qualite.com\/association\/?s={search_term_string}\"},\"query-input\":{\"@type\":\"PropertyValueSpecification\",\"valueRequired\":true,\"valueName\":\"search_term_string\"}}],\"inLanguage\":\"fr-FR\"},{\"@type\":\"Person\",\"@id\":\"https:\/\/www.maisons-qualite.com\/association\/#\/schema\/person\/877e9431a1756cf89c45549be9bf96c0\",\"name\":\"marouane\",\"image\":{\"@type\":\"ImageObject\",\"inLanguage\":\"fr-FR\",\"@id\":\"https:\/\/www.maisons-qualite.com\/association\/#\/schema\/person\/image\/\",\"url\":\"https:\/\/secure.gravatar.com\/avatar\/44b0a5d6eee1058657e857a31b8ee2916fb27bfd2d86099d4dd5cf6049d4109a?s=96&d=mm&r=g\",\"contentUrl\":\"https:\/\/secure.gravatar.com\/avatar\/44b0a5d6eee1058657e857a31b8ee2916fb27bfd2d86099d4dd5cf6049d4109a?s=96&d=mm&r=g\",\"caption\":\"marouane\"}}]}<\/script>\n<!-- \/ Yoast SEO plugin. -->","yoast_head_json":{"title":"Journ\u00e9e de l'\u00e9quipe p\u00e9dagogique - Association Maisons de Qualit\u00e9","description":"L\u2019Association Maisons de Qualit\u00e9 a organis\u00e9 la 1\u00e8re rencontre de l\u2019\u00e9quipe p\u00e9dagogique avec l\u2019ensemble de ses formateurs.","robots":{"index":"index","follow":"follow","max-snippet":"max-snippet:-1","max-image-preview":"max-image-preview:large","max-video-preview":"max-video-preview:-1"},"canonical":"https:\/\/www.maisons-qualite.com\/association\/actualites\/journee-de-lequipe-pedagogique","og_locale":"fr_FR","og_type":"article","og_title":"Journ\u00e9e de l'\u00e9quipe p\u00e9dagogique - Association Maisons de Qualit\u00e9","og_description":"L\u2019Association Maisons de Qualit\u00e9 a organis\u00e9 la 1\u00e8re rencontre de l\u2019\u00e9quipe p\u00e9dagogique avec l\u2019ensemble de ses formateurs.","og_url":"https:\/\/www.maisons-qualite.com\/association\/actualites\/journee-de-lequipe-pedagogique","og_site_name":"Association Maisons de Qualit\u00e9","article_published_time":"2022-02-15T15:31:07+00:00","og_image":[{"width":1000,"height":750,"url":"https:\/\/www.maisons-qualite.com\/association\/wp-content\/uploads\/2022\/02\/IMG_9400-scaled-e1644938240512.jpg","type":"image\/jpeg"}],"author":"marouane","twitter_card":"summary_large_image","twitter_misc":{"\u00c9crit par":"marouane","Dur\u00e9e de lecture estim\u00e9e":"2 minutes"},"schema":{"@context":"https:\/\/schema.org","@graph":[{"@type":"WebPage","@id":"https:\/\/www.maisons-qualite.com\/association\/actualites\/journee-de-lequipe-pedagogique","url":"https:\/\/www.maisons-qualite.com\/association\/actualites\/journee-de-lequipe-pedagogique","name":"Journ\u00e9e de l'\u00e9quipe p\u00e9dagogique - Association Maisons de Qualit\u00e9","isPartOf":{"@id":"https:\/\/www.maisons-qualite.com\/association\/#website"},"primaryImageOfPage":{"@id":"https:\/\/www.maisons-qualite.com\/association\/actualites\/journee-de-lequipe-pedagogique#primaryimage"},"image":{"@id":"https:\/\/www.maisons-qualite.com\/association\/actualites\/journee-de-lequipe-pedagogique#primaryimage"},"thumbnailUrl":"https:\/\/www.maisons-qualite.com\/association\/wp-content\/uploads\/2022\/02\/IMG_9400-scaled-e1644938240512.jpg","datePublished":"2022-02-15T15:31:07+00:00","dateModified":"2022-02-15T15:31:07+00:00","author":{"@id":"https:\/\/www.maisons-qualite.com\/association\/#\/schema\/person\/877e9431a1756cf89c45549be9bf96c0"},"description":"L\u2019Association Maisons de Qualit\u00e9 a organis\u00e9 la 1\u00e8re rencontre de l\u2019\u00e9quipe p\u00e9dagogique avec l\u2019ensemble de ses formateurs.","breadcrumb":{"@id":"https:\/\/www.maisons-qualite.com\/association\/actualites\/journee-de-lequipe-pedagogique#breadcrumb"},"inLanguage":"fr-FR","potentialAction":[{"@type":"ReadAction","target":["https:\/\/www.maisons-qualite.com\/association\/actualites\/journee-de-lequipe-pedagogique"]}]},{"@type":"ImageObject","inLanguage":"fr-FR","@id":"https:\/\/www.maisons-qualite.com\/association\/actualites\/journee-de-lequipe-pedagogique#primaryimage","url":"https:\/\/www.maisons-qualite.com\/association\/wp-content\/uploads\/2022\/02\/IMG_9400-scaled-e1644938240512.jpg","contentUrl":"https:\/\/www.maisons-qualite.com\/association\/wp-content\/uploads\/2022\/02\/IMG_9400-scaled-e1644938240512.jpg","width":1000,"height":750},{"@type":"BreadcrumbList","@id":"https:\/\/www.maisons-qualite.com\/association\/actualites\/journee-de-lequipe-pedagogique#breadcrumb","itemListElement":[{"@type":"ListItem","position":1,"name":"Accueil","item":"https:\/\/www.maisons-qualite.com\/association\/"},{"@type":"ListItem","position":2,"name":"Journ\u00e9e de l&rsquo;\u00e9quipe p\u00e9dagogique"}]},{"@type":"WebSite","@id":"https:\/\/www.maisons-qualite.com\/association\/#website","url":"https:\/\/www.maisons-qualite.com\/association\/","name":"Association Maisons de Qualit\u00e9","description":"Ensemble avec la Terre, notre seule Maison","potentialAction":[{"@type":"SearchAction","target":{"@type":"EntryPoint","urlTemplate":"https:\/\/www.maisons-qualite.com\/association\/?s={search_term_string}"},"query-input":{"@type":"PropertyValueSpecification","valueRequired":true,"valueName":"search_term_string"}}],"inLanguage":"fr-FR"},{"@type":"Person","@id":"https:\/\/www.maisons-qualite.com\/association\/#\/schema\/person\/877e9431a1756cf89c45549be9bf96c0","name":"marouane","image":{"@type":"ImageObject","inLanguage":"fr-FR","@id":"https:\/\/www.maisons-qualite.com\/association\/#\/schema\/person\/image\/","url":"https:\/\/secure.gravatar.com\/avatar\/44b0a5d6eee1058657e857a31b8ee2916fb27bfd2d86099d4dd5cf6049d4109a?s=96&d=mm&r=g","contentUrl":"https:\/\/secure.gravatar.com\/avatar\/44b0a5d6eee1058657e857a31b8ee2916fb27bfd2d86099d4dd5cf6049d4109a?s=96&d=mm&r=g","caption":"marouane"}}]}},"_links":{"self":[{"href":"https:\/\/www.maisons-qualite.com\/association\/wp-json\/wp\/v2\/posts\/1254","targetHints":{"allow":["GET"]}}],"collection":[{"href":"https:\/\/www.maisons-qualite.com\/association\/wp-json\/wp\/v2\/posts"}],"about":[{"href":"https:\/\/www.maisons-qualite.com\/association\/wp-json\/wp\/v2\/types\/post"}],"author":[{"embeddable":true,"href":"https:\/\/www.maisons-qualite.com\/association\/wp-json\/wp\/v2\/users\/5"}],"replies":[{"embeddable":true,"href":"https:\/\/www.maisons-qualite.com\/association\/wp-json\/wp\/v2\/comments?post=1254"}],"version-history":[{"count":3,"href":"https:\/\/www.maisons-qualite.com\/association\/wp-json\/wp\/v2\/posts\/1254\/revisions"}],"predecessor-version":[{"id":1258,"href":"https:\/\/www.maisons-qualite.com\/association\/wp-json\/wp\/v2\/posts\/1254\/revisions\/1258"}],"wp:featuredmedia":[{"embeddable":true,"href":"https:\/\/www.maisons-qualite.com\/association\/wp-json\/wp\/v2\/media\/1256"}],"wp:attachment":[{"href":"https:\/\/www.maisons-qualite.com\/association\/wp-json\/wp\/v2\/media?parent=1254"}],"wp:term":[{"taxonomy":"category","embeddable":true,"href":"https:\/\/www.maisons-qualite.com\/association\/wp-json\/wp\/v2\/categories?post=1254"},{"taxonomy":"post_tag","embeddable":true,"href":"https:\/\/www.maisons-qualite.com\/association\/wp-json\/wp\/v2\/tags?post=1254"}],"curies":[{"name":"wp","href":"https:\/\/api.w.org\/{rel}","templated":true}]}}